{"id":6204,"date":"2020-03-19T04:59:18","date_gmt":"2020-03-19T04:59:18","guid":{"rendered":"https:\/\/fondvlongo.wpengine.com\/settimana-mondiale-per-la-riduzione-del-consumo-di-sale\/"},"modified":"2020-03-19T04:59:18","modified_gmt":"2020-03-19T04:59:18","slug":"settimana-mondiale-per-la-riduzione-del-consumo-di-sale","status":"publish","type":"post","link":"https:\/\/www.fondazionevalterlongo.org\/en\/settimana-mondiale-per-la-riduzione-del-consumo-di-sale\/","title":{"rendered":"SETTIMANA MONDIALE PER LA RIDUZIONE DEL CONSUMO DI SALE"},"content":{"rendered":"<div style=\"margin-top: 0px; margin-bottom: 0px;\" class=\"sharethis-inline-share-buttons\" ><\/div><div class=\"flex_column av_one_half  flex_column_div av-zero-column-padding   avia-builder-el-5  el_after_av_one_half  el_before_av_one_full  column-top-margin\">\n<section class=\"av_textblock_section \">\n<div class=\"avia_textblock  \">\n<p>Domenica 15 marzo si \u00e8 conclusa la dodicesima edizione della \u201cSettimana mondiale per la riduzione del consumo di sale\u201d, promossa da World Action on Salt &amp; Health (WASH)\u00a0(1)\u00a0(2).<\/p>\n<p>All\u2019evento, come ogni anno, hanno aderito la Societ\u00e0 Italiana di Nutrizione Umana (SINU) e il Gruppo Intersocietario Meno Sale Pi\u00f9 Salute\u00a0(3).<\/p>\n<p>Il tema dell\u2019evento 2020 \u00e8 stato \u201cHide and Seek\u201d (ovvero \u201cnascondi e cerca\u201d), pertanto \u00e8 stata richiamata l\u2019attenzione sulle fonti alimentari di sale nascosto e sulla necessit\u00e0 di ricercare cibi a basso apporto di sale\u00a0(3).<\/p>\n<p>Secondo i LARN (acronimo che sta per \u201cLivelli di Assunzione di Riferimento di Nutrienti ed energia per la popolazione italiana\u201d), il fabbisogno medio di sale \u00e8 di 5 grammi al giorno (g\/die), corrispondenti a circa 2 grammi di sodio\u00a0(4).<\/p>\n<p>Negli anziani il limite si fa pi\u00f9 stringente, si raccomanda di non superare i 4 g\/die, a causa del maggior rischio ipertensivo e cardiovascolare della categoria\u00a0(6). Nonostante le indicazioni, a livello globale si stima che vengano consumati tra gli 8 e i 15 grammi al giorno\u00a0(2).<\/p>\n<p>La relazione causale tra consumo eccessivo di sale e malattie cardiovascolari, come ipertensione, infarto e ictus, \u00e8 ad oggi documentata e accertata da diversi studi. Secondo la WASH, se si riducesse il consumo di sale entro i limiti consigliati, si potrebbero prevenire circa 2,5 milioni di decessi ogni anno\u00a0(1).<\/p>\n<p>Moderare l\u2019apporto di sale con la dieta consente di ridurre la pressione arteriosa e, di conseguenza, di abbassare il rischio cardiovascolare, in particolare l\u2019incidenza di eventi come ictus cerebrale, infarto e scompenso cardiaco\u00a0(3).<\/p>\n<p>Nell\u2019evoluzione dell\u2019uomo il sale ha avuto un\u2019importanza fondamentale, essendo stato uno dei primi metodi di conservazione dei cibi. Tuttavia, grazie ai metodi oggi disponibili, del sale aggiunto si potrebbe fare a meno, poich\u00e9 quello naturalmente contenuto negli alimenti sarebbe gi\u00e0 di per s\u00e9 sufficiente a coprire il fabbisogno fisiologico\u00a0(6).<\/p>\n<\/div>\n<\/section>\n<\/div>\n<div class=\"flex_column av_one_full  flex_column_div av-zero-column-padding first  avia-builder-el-7  el_after_av_one_half  el_before_av_social_share  column-top-margin\">\n<section class=\"av_textblock_section \">\n<div class=\"avia_textblock  \">\n<p>In tabella sono riportate le comuni fonti di sale nascosto\u00a0(6).<\/p>\n<\/div>\n<\/section>\n<div class=\"avia-data-table-wrap avia_responsive_table\">\n<table class=\"avia-table avia-data-table avia-table-1  avia-builder-el-9  el_after_av_textblock  el_before_av_textblock   avia_pricing_minimal \">\n<tbody>\n<tr class=\"avia-heading-row\">\n<th class=\"\">ALIMENTO<\/th>\n<th class=\"\">PORZIONE<\/th>\n<th class=\"\">SALE<\/th>\n<\/tr>\n<tr class=\"\">\n<td class=\"\">Pizza margherita<\/td>\n<td class=\"\">300 g<\/td>\n<td class=\"\">6 g<\/td>\n<\/tr>\n<tr class=\"\">\n<td class=\"\">Verdure sott\u2019aceto<\/td>\n<td class=\"\">60 g<\/td>\n<td class=\"\">1,2 g<\/td>\n<\/tr>\n<tr class=\"\">\n<td class=\"\">Olive da tavola conservate<\/td>\n<td class=\"\">35 g<\/td>\n<td class=\"\">1,1 g<\/td>\n<\/tr>\n<tr class=\"\">\n<td class=\"\">Pane<\/td>\n<td class=\"\">50 g<\/td>\n<td class=\"\">0,75 g<\/td>\n<\/tr>\n<tr class=\"\">\n<td class=\"\">Crackers<\/td>\n<td class=\"\">30 g<\/td>\n<td class=\"\">0,6 g<\/td>\n<\/tr>\n<tr class=\"\">\n<td class=\"\">Cornetto semplice<\/td>\n<td class=\"\">50 g<\/td>\n<td class=\"\">0,5 g<\/td>\n<\/tr>\n<tr class=\"\">\n<td class=\"\">Merendina tipo pan di Spagna<\/td>\n<td class=\"\">40 g<\/td>\n<td class=\"\">0,35 g<\/td>\n<\/tr>\n<tr class=\"\">\n<td class=\"\">Cereali da colazione<\/td>\n<td class=\"\">40 g<\/td>\n<td class=\"\">0,3 g<\/td>\n<\/tr>\n<tr class=\"\">\n<td class=\"\">Biscotti dolci<\/td>\n<td class=\"\">30 g<\/td>\n<td class=\"\">0,15 g<\/td>\n<\/tr>\n<\/tbody>\n<\/table>\n<\/div>\n<section class=\"av_textblock_section \">\n<div class=\"avia_textblock  \">\n<p>Per gli italiani le principali fonti di sale sono rappresentate da pane e prodotti da forno, salumi e formaggi ma \u00e8 bene tenere a mente che molto spesso il sale si trova anche in prodotti che vengono considerati dolci, come merendine, snack e dolci confezionati\u00a0(CREA, 2018).<\/p>\n<p>Nonostante il sapore salato sembri irrinunciabile, in realt\u00e0 il gusto \u00e8 un senso educabile ed \u00e8 sufficiente ridurre l\u2019apporto di sale in modo graduale per potersi allenare a non sentirne la necessit\u00e0 e a godere del sapore naturale dell\u2019alimento.<\/p>\n<p>Come possiamo fare per ridurre il consumo di sale?<\/p>\n<ul>\n<li>Leggere le etichette e prediligere cibi con massimo 0,3 grammi di sale in 100 grammi di prodotto\u00a0(3)<\/li>\n<li>Cercare di non aggiungere sale in cucina ed eliminare la saliera dalla tavola\u00a0(3)<\/li>\n<li>Evitare piatti, sughi pronti e prodotti confezionati, come snack e merendine (6)<\/li>\n<li>Usare spezie (rosmarino, salvia, origano, timo, paprika, pepe, peperoncino), aglio e cipolla per insaporire le pietanze e limitare il consumo di condimenti ricchi di sodio (salsa di soia, gomasio, salse)\u00a0(3)<\/li>\n<li>Risciacquare con cura legumi e verdure in scatola e prediligere frutta e verdura fresca (1)<\/li>\n<\/ul>\n<ul>\n<li>Cuocere pasta e riso in acqua poco salata(3)<\/li>\n<li>Pesce, pollo, verdure e patate sono cibi saporiti anche senza sale aggiunto (3)<\/li>\n<\/ul>\n<ul>\n<li>Preferire prodotti da forno senza aggiunta di sale\u00a0(3)<\/li>\n<li>Se proprio il men\u00f9 sembra insipido, aggiungere un pizzico di sale iodato\u00a0(3)<\/li>\n<\/ul>\n<h4>Fonti:<\/h4>\n<p>1.<strong>http:\/\/www.salute.gov.it\/portale\/news\/p3_2_1_1_1.jsp?lingua=italiano&amp;menu=notizie&amp;p=dalministero&amp;id=4114.<\/strong><\/p>\n<ol start=\"2\">\n<li><strong>https:\/\/www.epicentro.iss.it\/cardiovascolare\/settimana-riduzione-sale-2020.<\/strong><\/li>\n<li><strong>https:\/\/sinu.it\/week-2020\/.<\/strong><\/li>\n<li><strong>http:\/\/www.worldactiononsalt.com\/awarenessweek\/.<\/strong><\/li>\n<li><strong>\u200bLARN \u2013 Livelli di assunzione di riferimento per la popolazione italiana \u2013 Societ\u00e0 Italiana di Nutrizione Umana-SINU, 2014.<\/strong><\/li>\n<li><strong>CREA, Centro di Ricerca Alimenti e Nutrizione.<\/strong>\u00a0<em>Linee guida per una sana alimentazione.\u00a0<\/em>2018.<\/li>\n<\/ol>\n<\/div>\n<\/section>\n<\/div>\n<div class=\"av-social-sharing-box  avia-builder-el-11  el_after_av_one_full  avia-builder-el-last   av-social-sharing-box-minimal \">\n<div class=\"av-share-box\">\n<h5 class=\"av-share-link-description av-no-toc\">Condividi l\u2019articolo<\/h5>\n<\/div>\n<\/div>\n","protected":false},"excerpt":{"rendered":"<p>Domenica 15 marzo si \u00e8 conclusa la dodicesima edizione della \u201cSettimana mondiale per la riduzione del consumo di sale\u201d, promossa da World Action on Salt &amp; Health (WASH)\u00a0(1)\u00a0(2). All\u2019evento, come ogni anno, hanno aderito la Societ\u00e0 Italiana di Nutrizione Umana (SINU) e il Gruppo Intersocietario Meno Sale Pi\u00f9 Salute\u00a0(3). Il tema dell\u2019evento 2020 \u00e8 stato &hellip; <\/p>\n<p class=\"link-more\"><a href=\"https:\/\/www.fondazionevalterlongo.org\/en\/settimana-mondiale-per-la-riduzione-del-consumo-di-sale\/\" class=\"more-link\">Continue reading<span class=\"screen-reader-text\"> &#8220;SETTIMANA MONDIALE PER LA RIDUZIONE DEL CONSUMO DI SALE&#8221;<\/span><\/a><\/p>\n","protected":false},"author":1,"featured_media":437,"comment_status":"open","ping_status":"open","sticky":false,"template":"","format":"standard","meta":{"_acf_changed":false,"om_disable_all_campaigns":false,"inline_featured_image":false,"footnotes":""},"categories":[12],"tags":[],"class_list":["post-6204","post","type-post","status-publish","format-standard","has-post-thumbnail","hentry","category-uncategorized"],"acf":[],"yoast_head":"<!-- This site is optimized with the Yoast SEO plugin v27.5 - https:\/\/yoast.com\/product\/yoast-seo-wordpress\/ -->\n<title>SETTIMANA MONDIALE PER LA RIDUZIONE DEL CONSUMO DI SALE - Fondazione Valter Longo<\/title>\n<meta name=\"robots\" content=\"index, follow, max-snippet:-1, max-image-preview:large, max-video-preview:-1\" \/>\n<link rel=\"canonical\" href=\"https:\/\/www.fondazionevalterlongo.org\/settimana-mondiale-per-la-riduzione-del-consumo-di-sale\/?lang=en\" \/>\n<meta property=\"og:locale\" content=\"en_US\" \/>\n<meta property=\"og:type\" content=\"article\" \/>\n<meta property=\"og:title\" content=\"SETTIMANA MONDIALE PER LA RIDUZIONE DEL CONSUMO DI SALE - Fondazione Valter Longo\" \/>\n<meta property=\"og:description\" content=\"Domenica 15 marzo si \u00e8 conclusa la dodicesima edizione della \u201cSettimana mondiale per la riduzione del consumo di sale\u201d, promossa da World Action on Salt &amp; Health (WASH)\u00a0(1)\u00a0(2). All\u2019evento, come ogni anno, hanno aderito la Societ\u00e0 Italiana di Nutrizione Umana (SINU) e il Gruppo Intersocietario Meno Sale Pi\u00f9 Salute\u00a0(3). Il tema dell\u2019evento 2020 \u00e8 stato &hellip; Continue reading &quot;SETTIMANA MONDIALE PER LA RIDUZIONE DEL CONSUMO DI SALE&quot;\" \/>\n<meta property=\"og:url\" content=\"https:\/\/www.fondazionevalterlongo.org\/settimana-mondiale-per-la-riduzione-del-consumo-di-sale\/?lang=en\" \/>\n<meta property=\"og:site_name\" content=\"Fondazione Valter Longo\" \/>\n<meta property=\"article:publisher\" content=\"https:\/\/www.facebook.com\/fondazionevalterlongo\/\" \/>\n<meta property=\"article:published_time\" content=\"2020-03-19T04:59:18+00:00\" \/>\n<meta property=\"og:image\" content=\"https:\/\/www.fondazionevalterlongo.org\/wp-content\/uploads\/2020\/04\/Testo-articolo.png\" \/>\n\t<meta property=\"og:image:width\" content=\"1300\" \/>\n\t<meta property=\"og:image:height\" content=\"728\" \/>\n\t<meta property=\"og:image:type\" content=\"image\/png\" \/>\n<meta name=\"author\" content=\"safe\" \/>\n<meta name=\"twitter:card\" content=\"summary_large_image\" \/>\n<script type=\"application\/ld+json\" class=\"yoast-schema-graph\">{\"@context\":\"https:\\\/\\\/schema.org\",\"@graph\":[{\"@type\":\"Article\",\"@id\":\"https:\\\/\\\/www.fondazionevalterlongo.org\\\/settimana-mondiale-per-la-riduzione-del-consumo-di-sale\\\/?lang=en#article\",\"isPartOf\":{\"@id\":\"https:\\\/\\\/www.fondazionevalterlongo.org\\\/settimana-mondiale-per-la-riduzione-del-consumo-di-sale\\\/?lang=en\"},\"author\":{\"name\":\"safe\",\"@id\":\"https:\\\/\\\/www.fondazionevalterlongo.org\\\/#\\\/schema\\\/person\\\/5fdc86088ef7119eab1a94e2d80c1970\"},\"headline\":\"SETTIMANA MONDIALE PER LA RIDUZIONE DEL CONSUMO DI SALE\",\"datePublished\":\"2020-03-19T04:59:18+00:00\",\"mainEntityOfPage\":{\"@id\":\"https:\\\/\\\/www.fondazionevalterlongo.org\\\/settimana-mondiale-per-la-riduzione-del-consumo-di-sale\\\/?lang=en\"},\"wordCount\":643,\"commentCount\":0,\"publisher\":{\"@id\":\"https:\\\/\\\/www.fondazionevalterlongo.org\\\/#organization\"},\"image\":{\"@id\":\"https:\\\/\\\/www.fondazionevalterlongo.org\\\/settimana-mondiale-per-la-riduzione-del-consumo-di-sale\\\/?lang=en#primaryimage\"},\"thumbnailUrl\":\"https:\\\/\\\/www.fondazionevalterlongo.org\\\/wp-content\\\/uploads\\\/2020\\\/04\\\/Testo-articolo.png\",\"inLanguage\":\"en-US\",\"potentialAction\":[{\"@type\":\"CommentAction\",\"name\":\"Comment\",\"target\":[\"https:\\\/\\\/www.fondazionevalterlongo.org\\\/settimana-mondiale-per-la-riduzione-del-consumo-di-sale\\\/?lang=en#respond\"]}]},{\"@type\":\"WebPage\",\"@id\":\"https:\\\/\\\/www.fondazionevalterlongo.org\\\/settimana-mondiale-per-la-riduzione-del-consumo-di-sale\\\/?lang=en\",\"url\":\"https:\\\/\\\/www.fondazionevalterlongo.org\\\/settimana-mondiale-per-la-riduzione-del-consumo-di-sale\\\/?lang=en\",\"name\":\"SETTIMANA MONDIALE PER LA RIDUZIONE DEL CONSUMO DI SALE - Fondazione Valter Longo\",\"isPartOf\":{\"@id\":\"https:\\\/\\\/www.fondazionevalterlongo.org\\\/#website\"},\"primaryImageOfPage\":{\"@id\":\"https:\\\/\\\/www.fondazionevalterlongo.org\\\/settimana-mondiale-per-la-riduzione-del-consumo-di-sale\\\/?lang=en#primaryimage\"},\"image\":{\"@id\":\"https:\\\/\\\/www.fondazionevalterlongo.org\\\/settimana-mondiale-per-la-riduzione-del-consumo-di-sale\\\/?lang=en#primaryimage\"},\"thumbnailUrl\":\"https:\\\/\\\/www.fondazionevalterlongo.org\\\/wp-content\\\/uploads\\\/2020\\\/04\\\/Testo-articolo.png\",\"datePublished\":\"2020-03-19T04:59:18+00:00\",\"breadcrumb\":{\"@id\":\"https:\\\/\\\/www.fondazionevalterlongo.org\\\/settimana-mondiale-per-la-riduzione-del-consumo-di-sale\\\/?lang=en#breadcrumb\"},\"inLanguage\":\"en-US\",\"potentialAction\":[{\"@type\":\"ReadAction\",\"target\":[\"https:\\\/\\\/www.fondazionevalterlongo.org\\\/settimana-mondiale-per-la-riduzione-del-consumo-di-sale\\\/?lang=en\"]}]},{\"@type\":\"ImageObject\",\"inLanguage\":\"en-US\",\"@id\":\"https:\\\/\\\/www.fondazionevalterlongo.org\\\/settimana-mondiale-per-la-riduzione-del-consumo-di-sale\\\/?lang=en#primaryimage\",\"url\":\"https:\\\/\\\/www.fondazionevalterlongo.org\\\/wp-content\\\/uploads\\\/2020\\\/04\\\/Testo-articolo.png\",\"contentUrl\":\"https:\\\/\\\/www.fondazionevalterlongo.org\\\/wp-content\\\/uploads\\\/2020\\\/04\\\/Testo-articolo.png\",\"width\":1300,\"height\":728},{\"@type\":\"BreadcrumbList\",\"@id\":\"https:\\\/\\\/www.fondazionevalterlongo.org\\\/settimana-mondiale-per-la-riduzione-del-consumo-di-sale\\\/?lang=en#breadcrumb\",\"itemListElement\":[{\"@type\":\"ListItem\",\"position\":1,\"name\":\"Home\",\"item\":\"https:\\\/\\\/www.fondazionevalterlongo.org\\\/en\\\/\"},{\"@type\":\"ListItem\",\"position\":2,\"name\":\"SETTIMANA MONDIALE PER LA RIDUZIONE DEL CONSUMO DI SALE\"}]},{\"@type\":\"WebSite\",\"@id\":\"https:\\\/\\\/www.fondazionevalterlongo.org\\\/#website\",\"url\":\"https:\\\/\\\/www.fondazionevalterlongo.org\\\/\",\"name\":\"Fondazione Valter Longo\",\"description\":\"L\u2019opportunit\u00e0 per tutti di una vita lunga e sana\",\"publisher\":{\"@id\":\"https:\\\/\\\/www.fondazionevalterlongo.org\\\/#organization\"},\"potentialAction\":[{\"@type\":\"SearchAction\",\"target\":{\"@type\":\"EntryPoint\",\"urlTemplate\":\"https:\\\/\\\/www.fondazionevalterlongo.org\\\/?s={search_term_string}\"},\"query-input\":{\"@type\":\"PropertyValueSpecification\",\"valueRequired\":true,\"valueName\":\"search_term_string\"}}],\"inLanguage\":\"en-US\"},{\"@type\":\"Organization\",\"@id\":\"https:\\\/\\\/www.fondazionevalterlongo.org\\\/#organization\",\"name\":\"Fondazione Valter Longo Onlus\",\"url\":\"https:\\\/\\\/www.fondazionevalterlongo.org\\\/\",\"logo\":{\"@type\":\"ImageObject\",\"inLanguage\":\"en-US\",\"@id\":\"https:\\\/\\\/www.fondazionevalterlongo.org\\\/#\\\/schema\\\/logo\\\/image\\\/\",\"url\":\"https:\\\/\\\/www.fondazionevalterlongo.org\\\/wp-content\\\/uploads\\\/2020\\\/04\\\/fvl_logo.png\",\"contentUrl\":\"https:\\\/\\\/www.fondazionevalterlongo.org\\\/wp-content\\\/uploads\\\/2020\\\/04\\\/fvl_logo.png\",\"width\":150,\"height\":201,\"caption\":\"Fondazione Valter Longo Onlus\"},\"image\":{\"@id\":\"https:\\\/\\\/www.fondazionevalterlongo.org\\\/#\\\/schema\\\/logo\\\/image\\\/\"},\"sameAs\":[\"https:\\\/\\\/www.facebook.com\\\/fondazionevalterlongo\\\/\",\"https:\\\/\\\/www.instagram.com\\\/fondazionevalterlongo\\\/\",\"https:\\\/\\\/www.linkedin.com\\\/company\\\/create-cures-foundation-fondazione-valter-longo\",\"https:\\\/\\\/www.youtube.com\\\/channel\\\/UCIuHoRDTpeFvdP3ulPOKlLg\"]},{\"@type\":\"Person\",\"@id\":\"https:\\\/\\\/www.fondazionevalterlongo.org\\\/#\\\/schema\\\/person\\\/5fdc86088ef7119eab1a94e2d80c1970\",\"name\":\"safe\",\"image\":{\"@type\":\"ImageObject\",\"inLanguage\":\"en-US\",\"@id\":\"https:\\\/\\\/secure.gravatar.com\\\/avatar\\\/57416977c1eb31d74701173b3daf7a5e3721f76b9a1d6ecba8d0959691fdb343?s=96&d=mm&r=g\",\"url\":\"https:\\\/\\\/secure.gravatar.com\\\/avatar\\\/57416977c1eb31d74701173b3daf7a5e3721f76b9a1d6ecba8d0959691fdb343?s=96&d=mm&r=g\",\"contentUrl\":\"https:\\\/\\\/secure.gravatar.com\\\/avatar\\\/57416977c1eb31d74701173b3daf7a5e3721f76b9a1d6ecba8d0959691fdb343?s=96&d=mm&r=g\",\"caption\":\"safe\"},\"sameAs\":[\"https:\\\/\\\/www.fondazionevalterlongo.org\\\/demo\"]}]}<\/script>\n<!-- \/ Yoast SEO plugin. -->","yoast_head_json":{"title":"SETTIMANA MONDIALE PER LA RIDUZIONE DEL CONSUMO DI SALE - Fondazione Valter Longo","robots":{"index":"index","follow":"follow","max-snippet":"max-snippet:-1","max-image-preview":"max-image-preview:large","max-video-preview":"max-video-preview:-1"},"canonical":"https:\/\/www.fondazionevalterlongo.org\/settimana-mondiale-per-la-riduzione-del-consumo-di-sale\/?lang=en","og_locale":"en_US","og_type":"article","og_title":"SETTIMANA MONDIALE PER LA RIDUZIONE DEL CONSUMO DI SALE - Fondazione Valter Longo","og_description":"Domenica 15 marzo si \u00e8 conclusa la dodicesima edizione della \u201cSettimana mondiale per la riduzione del consumo di sale\u201d, promossa da World Action on Salt &amp; Health (WASH)\u00a0(1)\u00a0(2). All\u2019evento, come ogni anno, hanno aderito la Societ\u00e0 Italiana di Nutrizione Umana (SINU) e il Gruppo Intersocietario Meno Sale Pi\u00f9 Salute\u00a0(3). Il tema dell\u2019evento 2020 \u00e8 stato &hellip; Continue reading \"SETTIMANA MONDIALE PER LA RIDUZIONE DEL CONSUMO DI SALE\"","og_url":"https:\/\/www.fondazionevalterlongo.org\/settimana-mondiale-per-la-riduzione-del-consumo-di-sale\/?lang=en","og_site_name":"Fondazione Valter Longo","article_publisher":"https:\/\/www.facebook.com\/fondazionevalterlongo\/","article_published_time":"2020-03-19T04:59:18+00:00","og_image":[{"width":1300,"height":728,"url":"https:\/\/www.fondazionevalterlongo.org\/wp-content\/uploads\/2020\/04\/Testo-articolo.png","type":"image\/png"}],"author":"safe","twitter_card":"summary_large_image","schema":{"@context":"https:\/\/schema.org","@graph":[{"@type":"Article","@id":"https:\/\/www.fondazionevalterlongo.org\/settimana-mondiale-per-la-riduzione-del-consumo-di-sale\/?lang=en#article","isPartOf":{"@id":"https:\/\/www.fondazionevalterlongo.org\/settimana-mondiale-per-la-riduzione-del-consumo-di-sale\/?lang=en"},"author":{"name":"safe","@id":"https:\/\/www.fondazionevalterlongo.org\/#\/schema\/person\/5fdc86088ef7119eab1a94e2d80c1970"},"headline":"SETTIMANA MONDIALE PER LA RIDUZIONE DEL CONSUMO DI SALE","datePublished":"2020-03-19T04:59:18+00:00","mainEntityOfPage":{"@id":"https:\/\/www.fondazionevalterlongo.org\/settimana-mondiale-per-la-riduzione-del-consumo-di-sale\/?lang=en"},"wordCount":643,"commentCount":0,"publisher":{"@id":"https:\/\/www.fondazionevalterlongo.org\/#organization"},"image":{"@id":"https:\/\/www.fondazionevalterlongo.org\/settimana-mondiale-per-la-riduzione-del-consumo-di-sale\/?lang=en#primaryimage"},"thumbnailUrl":"https:\/\/www.fondazionevalterlongo.org\/wp-content\/uploads\/2020\/04\/Testo-articolo.png","inLanguage":"en-US","potentialAction":[{"@type":"CommentAction","name":"Comment","target":["https:\/\/www.fondazionevalterlongo.org\/settimana-mondiale-per-la-riduzione-del-consumo-di-sale\/?lang=en#respond"]}]},{"@type":"WebPage","@id":"https:\/\/www.fondazionevalterlongo.org\/settimana-mondiale-per-la-riduzione-del-consumo-di-sale\/?lang=en","url":"https:\/\/www.fondazionevalterlongo.org\/settimana-mondiale-per-la-riduzione-del-consumo-di-sale\/?lang=en","name":"SETTIMANA MONDIALE PER LA RIDUZIONE DEL CONSUMO DI SALE - Fondazione Valter Longo","isPartOf":{"@id":"https:\/\/www.fondazionevalterlongo.org\/#website"},"primaryImageOfPage":{"@id":"https:\/\/www.fondazionevalterlongo.org\/settimana-mondiale-per-la-riduzione-del-consumo-di-sale\/?lang=en#primaryimage"},"image":{"@id":"https:\/\/www.fondazionevalterlongo.org\/settimana-mondiale-per-la-riduzione-del-consumo-di-sale\/?lang=en#primaryimage"},"thumbnailUrl":"https:\/\/www.fondazionevalterlongo.org\/wp-content\/uploads\/2020\/04\/Testo-articolo.png","datePublished":"2020-03-19T04:59:18+00:00","breadcrumb":{"@id":"https:\/\/www.fondazionevalterlongo.org\/settimana-mondiale-per-la-riduzione-del-consumo-di-sale\/?lang=en#breadcrumb"},"inLanguage":"en-US","potentialAction":[{"@type":"ReadAction","target":["https:\/\/www.fondazionevalterlongo.org\/settimana-mondiale-per-la-riduzione-del-consumo-di-sale\/?lang=en"]}]},{"@type":"ImageObject","inLanguage":"en-US","@id":"https:\/\/www.fondazionevalterlongo.org\/settimana-mondiale-per-la-riduzione-del-consumo-di-sale\/?lang=en#primaryimage","url":"https:\/\/www.fondazionevalterlongo.org\/wp-content\/uploads\/2020\/04\/Testo-articolo.png","contentUrl":"https:\/\/www.fondazionevalterlongo.org\/wp-content\/uploads\/2020\/04\/Testo-articolo.png","width":1300,"height":728},{"@type":"BreadcrumbList","@id":"https:\/\/www.fondazionevalterlongo.org\/settimana-mondiale-per-la-riduzione-del-consumo-di-sale\/?lang=en#breadcrumb","itemListElement":[{"@type":"ListItem","position":1,"name":"Home","item":"https:\/\/www.fondazionevalterlongo.org\/en\/"},{"@type":"ListItem","position":2,"name":"SETTIMANA MONDIALE PER LA RIDUZIONE DEL CONSUMO DI SALE"}]},{"@type":"WebSite","@id":"https:\/\/www.fondazionevalterlongo.org\/#website","url":"https:\/\/www.fondazionevalterlongo.org\/","name":"Fondazione Valter Longo","description":"L\u2019opportunit\u00e0 per tutti di una vita lunga e sana","publisher":{"@id":"https:\/\/www.fondazionevalterlongo.org\/#organization"},"potentialAction":[{"@type":"SearchAction","target":{"@type":"EntryPoint","urlTemplate":"https:\/\/www.fondazionevalterlongo.org\/?s={search_term_string}"},"query-input":{"@type":"PropertyValueSpecification","valueRequired":true,"valueName":"search_term_string"}}],"inLanguage":"en-US"},{"@type":"Organization","@id":"https:\/\/www.fondazionevalterlongo.org\/#organization","name":"Fondazione Valter Longo Onlus","url":"https:\/\/www.fondazionevalterlongo.org\/","logo":{"@type":"ImageObject","inLanguage":"en-US","@id":"https:\/\/www.fondazionevalterlongo.org\/#\/schema\/logo\/image\/","url":"https:\/\/www.fondazionevalterlongo.org\/wp-content\/uploads\/2020\/04\/fvl_logo.png","contentUrl":"https:\/\/www.fondazionevalterlongo.org\/wp-content\/uploads\/2020\/04\/fvl_logo.png","width":150,"height":201,"caption":"Fondazione Valter Longo Onlus"},"image":{"@id":"https:\/\/www.fondazionevalterlongo.org\/#\/schema\/logo\/image\/"},"sameAs":["https:\/\/www.facebook.com\/fondazionevalterlongo\/","https:\/\/www.instagram.com\/fondazionevalterlongo\/","https:\/\/www.linkedin.com\/company\/create-cures-foundation-fondazione-valter-longo","https:\/\/www.youtube.com\/channel\/UCIuHoRDTpeFvdP3ulPOKlLg"]},{"@type":"Person","@id":"https:\/\/www.fondazionevalterlongo.org\/#\/schema\/person\/5fdc86088ef7119eab1a94e2d80c1970","name":"safe","image":{"@type":"ImageObject","inLanguage":"en-US","@id":"https:\/\/secure.gravatar.com\/avatar\/57416977c1eb31d74701173b3daf7a5e3721f76b9a1d6ecba8d0959691fdb343?s=96&d=mm&r=g","url":"https:\/\/secure.gravatar.com\/avatar\/57416977c1eb31d74701173b3daf7a5e3721f76b9a1d6ecba8d0959691fdb343?s=96&d=mm&r=g","contentUrl":"https:\/\/secure.gravatar.com\/avatar\/57416977c1eb31d74701173b3daf7a5e3721f76b9a1d6ecba8d0959691fdb343?s=96&d=mm&r=g","caption":"safe"},"sameAs":["https:\/\/www.fondazionevalterlongo.org\/demo"]}]}},"_links":{"self":[{"href":"https:\/\/www.fondazionevalterlongo.org\/en\/wp-json\/wp\/v2\/posts\/6204","targetHints":{"allow":["GET"]}}],"collection":[{"href":"https:\/\/www.fondazionevalterlongo.org\/en\/wp-json\/wp\/v2\/posts"}],"about":[{"href":"https:\/\/www.fondazionevalterlongo.org\/en\/wp-json\/wp\/v2\/types\/post"}],"author":[{"embeddable":true,"href":"https:\/\/www.fondazionevalterlongo.org\/en\/wp-json\/wp\/v2\/users\/1"}],"replies":[{"embeddable":true,"href":"https:\/\/www.fondazionevalterlongo.org\/en\/wp-json\/wp\/v2\/comments?post=6204"}],"version-history":[{"count":0,"href":"https:\/\/www.fondazionevalterlongo.org\/en\/wp-json\/wp\/v2\/posts\/6204\/revisions"}],"wp:featuredmedia":[{"embeddable":true,"href":"https:\/\/www.fondazionevalterlongo.org\/en\/wp-json\/wp\/v2\/media\/437"}],"wp:attachment":[{"href":"https:\/\/www.fondazionevalterlongo.org\/en\/wp-json\/wp\/v2\/media?parent=6204"}],"wp:term":[{"taxonomy":"category","embeddable":true,"href":"https:\/\/www.fondazionevalterlongo.org\/en\/wp-json\/wp\/v2\/categories?post=6204"},{"taxonomy":"post_tag","embeddable":true,"href":"https:\/\/www.fondazionevalterlongo.org\/en\/wp-json\/wp\/v2\/tags?post=6204"}],"curies":[{"name":"wp","href":"https:\/\/api.w.org\/{rel}","templated":true}]}}